{"id":7827,"date":"2014-01-09T12:02:48","date_gmt":"2014-01-09T12:02:48","guid":{"rendered":"https:\/\/helifilm.es\/2014\/01\/09\/helifilm-participa-en-la-campana-vuelve-brillar-de-las-islas-canarias-2\/"},"modified":"2014-01-09T12:02:48","modified_gmt":"2014-01-09T12:02:48","slug":"helifilm-participa-en-la-campana-vuelve-brillar-de-las-islas-canarias","status":"publish","type":"post","link":"https:\/\/helifilm.es\/en\/2014\/01\/09\/helifilm-participa-en-la-campana-vuelve-brillar-de-las-islas-canarias\/","title":{"rendered":"Helifilm participa en la campa\u00f1a \u201cVuelve a brillar\u201d de las Islas Canarias"},"content":{"rendered":"<p>Sublime! Es el adjetivo que mejor define a la campa\u00f1a de publicidad iniciada por el gobierno de Canarias para dar a conocer las islas y, como no, para invitar a todo el mundo a visitar sus tierras, donde poder encontrar una infinidad de paisajes, playas, monta\u00f1a, actividades, etc.<\/p>\n<p>Para poder mostrar mejor esta idea, se ha llevado a cabo un v\u00eddeo general de presentaci\u00f3n de todas las islas \u00a0y 7 v\u00eddeos m\u00e1s, cada uno representando a cada una del total del archipi\u00e9lago canario. Adem\u00e1s entrando en la web<a href=\"http:\/\/www.vuelveabrillar.com\/\">www.vuelveabrillar.com<\/a>\u00a0y dejando tus datos, podr\u00e1s ganar un viaje a la isla que elijas!<\/p>\n<p>Un gran trabajo, por parte de un equipo de grandes profesionales. Gracias a Picnic, Volcano Films y DEC, por hacer posible la colaboraci\u00f3n \u00a0en este proyecto<\/p>\n<p>Nos sentimos muy orgullosos y satisfechos con el resultado, esperamos volver a trabajar pronto juntos! Ha sido todo un placer.<\/p>\n<p><iframe src=\"\/\/www.youtube.com\/embed\/cptsdhQh6_E\" height=\"480\" width=\"853\" allowfullscreen=\"\" frameborder=\"0\"><\/iframe><\/p>\n","protected":false},"excerpt":{"rendered":"<p>Sublime! Es el adjetivo que mejor define a la campa\u00f1a de publicidad iniciada por el gobierno de Canarias para dar a conocer las islas y, como no, para invitar a todo el mundo a visitar sus tierras, donde poder encontrar una infinidad de paisajes, playas, monta\u00f1a, actividades, etc. Para poder mostrar mejor esta idea, se [&hellip;]<\/p>\n","protected":false},"author":1,"featured_media":7517,"comment_status":"open","ping_status":"open","sticky":false,"template":"","format":"standard","meta":[],"categories":[87,88],"tags":[89,90],"yoast_head":"<!-- This site is optimized with the Yoast SEO plugin v15.7 - https:\/\/yoast.com\/wordpress\/plugins\/seo\/ -->\n<title>Helifilm participa en la campa\u00f1a \u201cVuelve a brillar\u201d de las Islas Canarias - Helifilm<\/title>\n<meta name=\"robots\" content=\"noindex, follow\" \/>\n<meta property=\"og:locale\" content=\"en_US\" \/>\n<meta property=\"og:type\" content=\"article\" \/>\n<meta property=\"og:title\" content=\"Helifilm participa en la campa\u00f1a \u201cVuelve a brillar\u201d de las Islas Canarias - Helifilm\" \/>\n<meta property=\"og:description\" content=\"Sublime! Es el adjetivo que mejor define a la campa\u00f1a de publicidad iniciada por el gobierno de Canarias para dar a conocer las islas y, como no, para invitar a todo el mundo a visitar sus tierras, donde poder encontrar una infinidad de paisajes, playas, monta\u00f1a, actividades, etc. Para poder mostrar mejor esta idea, se [&hellip;]\" \/>\n<meta property=\"og:url\" content=\"https:\/\/helifilm.es\/en\/2014\/01\/09\/helifilm-participa-en-la-campana-vuelve-brillar-de-las-islas-canarias\/\" \/>\n<meta property=\"og:site_name\" content=\"Helifilm\" \/>\n<meta property=\"article:published_time\" content=\"2014-01-09T12:02:48+00:00\" \/>\n<meta property=\"og:image\" content=\"https:\/\/helifilm.es\/wp-content\/uploads\/2014\/01\/video2.jpg\" \/>\n\t<meta property=\"og:image:width\" content=\"1920\" \/>\n\t<meta property=\"og:image:height\" content=\"807\" \/>\n<meta name=\"twitter:label1\" content=\"Est. reading time\">\n\t<meta name=\"twitter:data1\" content=\"1 minute\">\n<script type=\"application\/ld+json\" class=\"yoast-schema-graph\">{\"@context\":\"https:\/\/schema.org\",\"@graph\":[{\"@type\":\"WebSite\",\"@id\":\"https:\/\/helifilm.es\/#website\",\"url\":\"https:\/\/helifilm.es\/\",\"name\":\"Helifilm\",\"description\":\"V\\u00eddeo y Fotograf\\u00eda A\\u00e9rea\",\"potentialAction\":[{\"@type\":\"SearchAction\",\"target\":\"https:\/\/helifilm.es\/?s={search_term_string}\",\"query-input\":\"required name=search_term_string\"}],\"inLanguage\":\"en-US\"},{\"@type\":\"ImageObject\",\"@id\":\"https:\/\/helifilm.es\/en\/2014\/01\/09\/helifilm-participa-en-la-campana-vuelve-brillar-de-las-islas-canarias\/#primaryimage\",\"inLanguage\":\"en-US\",\"url\":\"https:\/\/helifilm.es\/wp-content\/uploads\/2014\/01\/video2.jpg\",\"width\":1920,\"height\":807},{\"@type\":\"WebPage\",\"@id\":\"https:\/\/helifilm.es\/en\/2014\/01\/09\/helifilm-participa-en-la-campana-vuelve-brillar-de-las-islas-canarias\/#webpage\",\"url\":\"https:\/\/helifilm.es\/en\/2014\/01\/09\/helifilm-participa-en-la-campana-vuelve-brillar-de-las-islas-canarias\/\",\"name\":\"Helifilm participa en la campa\\u00f1a \\u201cVuelve a brillar\\u201d de las Islas Canarias - Helifilm\",\"isPartOf\":{\"@id\":\"https:\/\/helifilm.es\/#website\"},\"primaryImageOfPage\":{\"@id\":\"https:\/\/helifilm.es\/en\/2014\/01\/09\/helifilm-participa-en-la-campana-vuelve-brillar-de-las-islas-canarias\/#primaryimage\"},\"datePublished\":\"2014-01-09T12:02:48+00:00\",\"dateModified\":\"2014-01-09T12:02:48+00:00\",\"author\":{\"@id\":\"https:\/\/helifilm.es\/#\/schema\/person\/5aa828c00d71a10fdb1fe04805d93f19\"},\"breadcrumb\":{\"@id\":\"https:\/\/helifilm.es\/en\/2014\/01\/09\/helifilm-participa-en-la-campana-vuelve-brillar-de-las-islas-canarias\/#breadcrumb\"},\"inLanguage\":\"en-US\",\"potentialAction\":[{\"@type\":\"ReadAction\",\"target\":[\"https:\/\/helifilm.es\/en\/2014\/01\/09\/helifilm-participa-en-la-campana-vuelve-brillar-de-las-islas-canarias\/\"]}]},{\"@type\":\"BreadcrumbList\",\"@id\":\"https:\/\/helifilm.es\/en\/2014\/01\/09\/helifilm-participa-en-la-campana-vuelve-brillar-de-las-islas-canarias\/#breadcrumb\",\"itemListElement\":[{\"@type\":\"ListItem\",\"position\":1,\"item\":{\"@type\":\"WebPage\",\"@id\":\"https:\/\/helifilm.es\/en\/\",\"url\":\"https:\/\/helifilm.es\/en\/\",\"name\":\"Portada\"}},{\"@type\":\"ListItem\",\"position\":2,\"item\":{\"@type\":\"WebPage\",\"@id\":\"https:\/\/helifilm.es\/en\/2014\/01\/09\/helifilm-participa-en-la-campana-vuelve-brillar-de-las-islas-canarias\/\",\"url\":\"https:\/\/helifilm.es\/en\/2014\/01\/09\/helifilm-participa-en-la-campana-vuelve-brillar-de-las-islas-canarias\/\",\"name\":\"Helifilm participa en la campa\\u00f1a \\u201cVuelve a brillar\\u201d de las Islas Canarias\"}}]},{\"@type\":\"Person\",\"@id\":\"https:\/\/helifilm.es\/#\/schema\/person\/5aa828c00d71a10fdb1fe04805d93f19\",\"name\":\"futura\",\"image\":{\"@type\":\"ImageObject\",\"@id\":\"https:\/\/helifilm.es\/#personlogo\",\"inLanguage\":\"en-US\",\"url\":\"https:\/\/secure.gravatar.com\/avatar\/8ff2d387b21ef1f04da3bdfb1ca88eef?s=96&d=mm&r=g\",\"caption\":\"futura\"}}]}<\/script>\n<!-- \/ Yoast SEO plugin. -->","_links":{"self":[{"href":"https:\/\/helifilm.es\/en\/wp-json\/wp\/v2\/posts\/7827"}],"collection":[{"href":"https:\/\/helifilm.es\/en\/wp-json\/wp\/v2\/posts"}],"about":[{"href":"https:\/\/helifilm.es\/en\/wp-json\/wp\/v2\/types\/post"}],"author":[{"embeddable":true,"href":"https:\/\/helifilm.es\/en\/wp-json\/wp\/v2\/users\/1"}],"replies":[{"embeddable":true,"href":"https:\/\/helifilm.es\/en\/wp-json\/wp\/v2\/comments?post=7827"}],"version-history":[{"count":0,"href":"https:\/\/helifilm.es\/en\/wp-json\/wp\/v2\/posts\/7827\/revisions"}],"wp:featuredmedia":[{"embeddable":true,"href":"https:\/\/helifilm.es\/en\/wp-json\/wp\/v2\/media\/7517"}],"wp:attachment":[{"href":"https:\/\/helifilm.es\/en\/wp-json\/wp\/v2\/media?parent=7827"}],"wp:term":[{"taxonomy":"category","embeddable":true,"href":"https:\/\/helifilm.es\/en\/wp-json\/wp\/v2\/categories?post=7827"},{"taxonomy":"post_tag","embeddable":true,"href":"https:\/\/helifilm.es\/en\/wp-json\/wp\/v2\/tags?post=7827"}],"curies":[{"name":"wp","href":"https:\/\/api.w.org\/{rel}","templated":true}]}}