{"id":7874,"date":"2014-03-19T17:51:08","date_gmt":"2014-03-19T17:51:08","guid":{"rendered":"https:\/\/helifilm.es\/?p=7874"},"modified":"2014-03-19T17:51:08","modified_gmt":"2014-03-19T17:51:08","slug":"david-bisbal-presenta-su-mediometraje-tu-y-yo","status":"publish","type":"post","link":"https:\/\/helifilm.es\/en\/2014\/03\/19\/david-bisbal-presenta-su-mediometraje-tu-y-yo\/","title":{"rendered":"David Bisbal presenta su mediometraje \u2018T\u00fa y yo\u2019"},"content":{"rendered":"<p>Ma\u00f1ana podremos ver en m\u00e1s de 70 salas de cine, de todas las comunidades aut\u00f3nomas, el estreno del mediometraje de David Bisbal \u2018T\u00fa y yo\u2019.<\/p>\n<p>&nbsp;<\/p>\n<p>Dirigido por Kike Ma\u00edllo y con una duraci\u00f3n aproximada de 54 minutos, podremos ver cuatro videoclips del cantante con una historia de ficci\u00f3n que har\u00e1 de hilo argumental y conductor del audiovisual. En el reparto destacan, adem\u00e1s del propio Bisbal, Mar\u00eda Valverde, B\u00e1rbara Goenaga, Christian Valencia y cameos de: Corbacho, Antonio Orozco, Santi Mill\u00e1n, y Carla Nieto entre otros.<\/p>\n<p>&nbsp;<\/p>\n<p>Pero adem\u00e1s de esta historia tan bonita, hay otra gran protagonista que no podemos olvidar, y no es ni m\u00e1s ni menos que nuestra tierra; Almer\u00eda.<\/p>\n<p>Gracias al acuerdo firmado entre Diputaci\u00f3n Provincial de Almer\u00eda y la productora Universal Music para la promoci\u00f3n de la marca \u2018Costa de Almer\u00eda\u2019 en todo el mundo, podremos ver im\u00e1genes del spot promocional \u2018Deslumbrante\u2019 en el que David Bisbal particip\u00f3 cediendo su imagen, adem\u00e1s de la banda sonora con su canci\u00f3n \u2018Diez mil maneras\u2019.<\/p>\n<p>&nbsp;<\/p>\n<p>Estamos muy orgullosos a la par de contentos de haber podido participar en este proyecto, para nosotros tan gratificante. Hace ya cerca de un a\u00f1o empez\u00f3 todo, y nunca hubi\u00e9semos imaginado que pod\u00edamos llegar tan lejos. \u00a1As\u00ed que s\u00f3lo podemos dar las GRACIAS\u00a0 a todos! A Imagen Visual Art por formar parte de esta aventura, a todo ese equipo de producci\u00f3n que lo han dado todo, a Diputaci\u00f3n Provincial de Almer\u00eda por haber cre\u00eddo en nosotros, y en general a todos, por vuestros comentarios, aportaciones y mensajes de \u00e1nimo, \u00a1\u00a1mil gracias!!<\/p>\n<p>&nbsp;<\/p>\n<p>Para abrir boca os dejamos con el tr\u00e1iler del mediometraje. Y si no sab\u00e9is d\u00f3nde pod\u00e9is verlo, <a href=\"http:\/\/www.davidbisbal.com\/es_ES\/Noticias\/249\/tu-y-yo-el-mediometraje-llega-a-los-cines\"><strong>en este enlace podr\u00e1s ver todas las salas donde se va a proyectar<\/strong><\/a>, y si os anim\u00e1is, tambi\u00e9n pod\u00e9is comprar la entrada.<\/p>\n<p>\u00a1Esperamos vuestros comentarios!<\/p>\n<p>&nbsp;<\/p>\n","protected":false},"excerpt":{"rendered":"<p>Ma\u00f1ana podremos ver en m\u00e1s de 70 salas de cine, de todas las comunidades aut\u00f3nomas, el estreno del mediometraje de David Bisbal \u2018T\u00fa y yo\u2019. &nbsp; Dirigido por Kike Ma\u00edllo y con una duraci\u00f3n aproximada de 54 minutos, podremos ver cuatro videoclips del cantante con una historia de ficci\u00f3n que har\u00e1 de hilo argumental y [&hellip;]<\/p>\n","protected":false},"author":1,"featured_media":7876,"comment_status":"open","ping_status":"open","sticky":false,"template":"","format":"standard","meta":[],"categories":[87,88],"tags":[111,112],"yoast_head":"<!-- This site is optimized with the Yoast SEO plugin v15.7 - https:\/\/yoast.com\/wordpress\/plugins\/seo\/ -->\n<title>David Bisbal presenta su mediometraje \u2018T\u00fa y yo\u2019 - Helifilm<\/title>\n<meta name=\"robots\" content=\"noindex, follow\" \/>\n<meta property=\"og:locale\" content=\"en_US\" \/>\n<meta property=\"og:type\" content=\"article\" \/>\n<meta property=\"og:title\" content=\"David Bisbal presenta su mediometraje \u2018T\u00fa y yo\u2019 - Helifilm\" \/>\n<meta property=\"og:description\" content=\"Ma\u00f1ana podremos ver en m\u00e1s de 70 salas de cine, de todas las comunidades aut\u00f3nomas, el estreno del mediometraje de David Bisbal \u2018T\u00fa y yo\u2019. &nbsp; Dirigido por Kike Ma\u00edllo y con una duraci\u00f3n aproximada de 54 minutos, podremos ver cuatro videoclips del cantante con una historia de ficci\u00f3n que har\u00e1 de hilo argumental y [&hellip;]\" \/>\n<meta property=\"og:url\" content=\"https:\/\/helifilm.es\/2014\/03\/19\/david-bisbal-presenta-su-mediometraje-tu-y-yo\/\" \/>\n<meta property=\"og:site_name\" content=\"Helifilm\" \/>\n<meta property=\"article:published_time\" content=\"2014-03-19T17:51:08+00:00\" \/>\n<meta property=\"og:image\" content=\"https:\/\/helifilm.es\/wp-content\/uploads\/2014\/03\/david-bisbal-tu-y-yo-mediometraje-NO-AMANECE.jpg\" \/>\n\t<meta property=\"og:image:width\" content=\"900\" \/>\n\t<meta property=\"og:image:height\" content=\"396\" \/>\n<meta name=\"twitter:label1\" content=\"Est. reading time\">\n\t<meta name=\"twitter:data1\" content=\"2 minutes\">\n<script type=\"application\/ld+json\" class=\"yoast-schema-graph\">{\"@context\":\"https:\/\/schema.org\",\"@graph\":[{\"@type\":\"WebSite\",\"@id\":\"https:\/\/helifilm.es\/#website\",\"url\":\"https:\/\/helifilm.es\/\",\"name\":\"Helifilm\",\"description\":\"V\\u00eddeo y Fotograf\\u00eda A\\u00e9rea\",\"potentialAction\":[{\"@type\":\"SearchAction\",\"target\":\"https:\/\/helifilm.es\/?s={search_term_string}\",\"query-input\":\"required name=search_term_string\"}],\"inLanguage\":\"en-US\"},{\"@type\":\"ImageObject\",\"@id\":\"https:\/\/helifilm.es\/2014\/03\/19\/david-bisbal-presenta-su-mediometraje-tu-y-yo\/#primaryimage\",\"inLanguage\":\"en-US\",\"url\":\"https:\/\/helifilm.es\/wp-content\/uploads\/2014\/03\/david-bisbal-tu-y-yo-mediometraje-NO-AMANECE.jpg\",\"width\":900,\"height\":396},{\"@type\":\"WebPage\",\"@id\":\"https:\/\/helifilm.es\/2014\/03\/19\/david-bisbal-presenta-su-mediometraje-tu-y-yo\/#webpage\",\"url\":\"https:\/\/helifilm.es\/2014\/03\/19\/david-bisbal-presenta-su-mediometraje-tu-y-yo\/\",\"name\":\"David Bisbal presenta su mediometraje \\u2018T\\u00fa y yo\\u2019 - Helifilm\",\"isPartOf\":{\"@id\":\"https:\/\/helifilm.es\/#website\"},\"primaryImageOfPage\":{\"@id\":\"https:\/\/helifilm.es\/2014\/03\/19\/david-bisbal-presenta-su-mediometraje-tu-y-yo\/#primaryimage\"},\"datePublished\":\"2014-03-19T17:51:08+00:00\",\"dateModified\":\"2014-03-19T17:51:08+00:00\",\"author\":{\"@id\":\"https:\/\/helifilm.es\/#\/schema\/person\/5aa828c00d71a10fdb1fe04805d93f19\"},\"breadcrumb\":{\"@id\":\"https:\/\/helifilm.es\/2014\/03\/19\/david-bisbal-presenta-su-mediometraje-tu-y-yo\/#breadcrumb\"},\"inLanguage\":\"en-US\",\"potentialAction\":[{\"@type\":\"ReadAction\",\"target\":[\"https:\/\/helifilm.es\/2014\/03\/19\/david-bisbal-presenta-su-mediometraje-tu-y-yo\/\"]}]},{\"@type\":\"BreadcrumbList\",\"@id\":\"https:\/\/helifilm.es\/2014\/03\/19\/david-bisbal-presenta-su-mediometraje-tu-y-yo\/#breadcrumb\",\"itemListElement\":[{\"@type\":\"ListItem\",\"position\":1,\"item\":{\"@type\":\"WebPage\",\"@id\":\"https:\/\/helifilm.es\/en\/\",\"url\":\"https:\/\/helifilm.es\/en\/\",\"name\":\"Portada\"}},{\"@type\":\"ListItem\",\"position\":2,\"item\":{\"@type\":\"WebPage\",\"@id\":\"https:\/\/helifilm.es\/2014\/03\/19\/david-bisbal-presenta-su-mediometraje-tu-y-yo\/\",\"url\":\"https:\/\/helifilm.es\/2014\/03\/19\/david-bisbal-presenta-su-mediometraje-tu-y-yo\/\",\"name\":\"David Bisbal presenta su mediometraje \\u2018T\\u00fa y yo\\u2019\"}}]},{\"@type\":\"Person\",\"@id\":\"https:\/\/helifilm.es\/#\/schema\/person\/5aa828c00d71a10fdb1fe04805d93f19\",\"name\":\"futura\",\"image\":{\"@type\":\"ImageObject\",\"@id\":\"https:\/\/helifilm.es\/#personlogo\",\"inLanguage\":\"en-US\",\"url\":\"https:\/\/secure.gravatar.com\/avatar\/8ff2d387b21ef1f04da3bdfb1ca88eef?s=96&d=mm&r=g\",\"caption\":\"futura\"}}]}<\/script>\n<!-- \/ Yoast SEO plugin. -->","_links":{"self":[{"href":"https:\/\/helifilm.es\/en\/wp-json\/wp\/v2\/posts\/7874"}],"collection":[{"href":"https:\/\/helifilm.es\/en\/wp-json\/wp\/v2\/posts"}],"about":[{"href":"https:\/\/helifilm.es\/en\/wp-json\/wp\/v2\/types\/post"}],"author":[{"embeddable":true,"href":"https:\/\/helifilm.es\/en\/wp-json\/wp\/v2\/users\/1"}],"replies":[{"embeddable":true,"href":"https:\/\/helifilm.es\/en\/wp-json\/wp\/v2\/comments?post=7874"}],"version-history":[{"count":1,"href":"https:\/\/helifilm.es\/en\/wp-json\/wp\/v2\/posts\/7874\/revisions"}],"predecessor-version":[{"id":7875,"href":"https:\/\/helifilm.es\/en\/wp-json\/wp\/v2\/posts\/7874\/revisions\/7875"}],"wp:featuredmedia":[{"embeddable":true,"href":"https:\/\/helifilm.es\/en\/wp-json\/wp\/v2\/media\/7876"}],"wp:attachment":[{"href":"https:\/\/helifilm.es\/en\/wp-json\/wp\/v2\/media?parent=7874"}],"wp:term":[{"taxonomy":"category","embeddable":true,"href":"https:\/\/helifilm.es\/en\/wp-json\/wp\/v2\/categories?post=7874"},{"taxonomy":"post_tag","embeddable":true,"href":"https:\/\/helifilm.es\/en\/wp-json\/wp\/v2\/tags?post=7874"}],"curies":[{"name":"wp","href":"https:\/\/api.w.org\/{rel}","templated":true}]}}