{"id":8189,"date":"2015-01-19T18:46:09","date_gmt":"2015-01-19T18:46:09","guid":{"rendered":"https:\/\/helifilm.es\/?p=8189"},"modified":"2025-08-25T00:34:56","modified_gmt":"2025-08-25T00:34:56","slug":"el-nino-nominada-los-premios-goya","status":"publish","type":"post","link":"https:\/\/helifilm.es\/en\/2015\/01\/19\/el-nino-nominada-los-premios-goya\/","title":{"rendered":"El Ni\u00f1o"},"content":{"rendered":"<p>La pel\u00edcula \u201cEl Ni\u00f1o\u201d dirigida por Daniel Monz\u00f3n es sin duda una de las mejores pel\u00edculas del a\u00f1o 2014, tanto es as\u00ed, que es una de las favoritas a los premios Goya.<\/p>\n<p>Ha sido un verdadero placer y satisfacci\u00f3n participar en este thriller, que no ha dejado indiferente a nadie. No ha sido un rodaje f\u00e1cil, sobre todo los planos que nos solicitaron, pero el buen hacer de un gran equipo hizo que todo fuese mucho m\u00e1s sencillo.<\/p>\n<p>Entre sus 16 nominaciones a los Goya (ni m\u00e1s ni menos) hay que destacar los nombramientos a la mejor pel\u00edcula y a la mejor direcci\u00f3n, que esperamos de coraz\u00f3n \u00a1que tengan toda la suerte del mundo porque se la merecen!<\/p>\n<p>La Fiesta de Nominados se celebrar\u00e1 el 19 de enero en los Teatros del Canal de Madrid, y la entrega de galardones tendr\u00e1 lugar el s\u00e1bado 7 de febrero, en el transcurso de una gala que tendr\u00e1 lugar en el Centro de Congresos Pr\u00edncipe Felipe del Hotel Auditorium de Madrid, conducida por el actor y monologuista Dani Rovira\u00a0bajo la direcci\u00f3n de Juan Luis Iborra y la producci\u00f3n ejecutiva de Emiliano Otegui.<\/p>\n<p>&nbsp;<\/p>\n<p>&nbsp;<\/p>\n<p>&nbsp;<\/p>\n<p>&nbsp;<\/p>\n","protected":false},"excerpt":{"rendered":"<p>La pel\u00edcula \u201cEl Ni\u00f1o\u201d dirigida por Daniel Monz\u00f3n es sin duda una de las mejores pel\u00edculas del a\u00f1o 2014, tanto es as\u00ed, que es una de las favoritas a los premios Goya. Ha sido un verdadero placer y satisfacci\u00f3n participar en este thriller, que no ha dejado indiferente a nadie. No ha sido un rodaje [&hellip;]<\/p>\n","protected":false},"author":2,"featured_media":0,"comment_status":"open","ping_status":"open","sticky":false,"template":"","format":"standard","meta":[],"categories":[87],"tags":[],"yoast_head":"<!-- This site is optimized with the Yoast SEO plugin v15.7 - https:\/\/yoast.com\/wordpress\/plugins\/seo\/ -->\n<title>\u2018El Ni\u00f1o\u2019 nominada a los Premios Goya<\/title>\n<meta name=\"robots\" content=\"noindex, follow\" \/>\n<meta property=\"og:locale\" content=\"en_US\" \/>\n<meta property=\"og:type\" content=\"article\" \/>\n<meta property=\"og:title\" content=\"\u2018El Ni\u00f1o\u2019 nominada a los Premios Goya\" \/>\n<meta property=\"og:description\" content=\"La pel\u00edcula \u201cEl Ni\u00f1o\u201d dirigida por Daniel Monz\u00f3n es sin duda una de las mejores pel\u00edculas del a\u00f1o 2014, tanto es as\u00ed, que es una de las favoritas a los premios Goya. Ha sido un verdadero placer y satisfacci\u00f3n participar en este thriller, que no ha dejado indiferente a nadie. No ha sido un rodaje [&hellip;]\" \/>\n<meta property=\"og:url\" content=\"https:\/\/helifilm.es\/2015\/01\/19\/el-nino-nominada-los-premios-goya\/\" \/>\n<meta property=\"og:site_name\" content=\"Helifilm\" \/>\n<meta property=\"article:published_time\" content=\"2015-01-19T18:46:09+00:00\" \/>\n<meta property=\"article:modified_time\" content=\"2025-08-25T00:34:56+00:00\" \/>\n<meta name=\"twitter:label1\" content=\"Est. reading time\">\n\t<meta name=\"twitter:data1\" content=\"1 minute\">\n<script type=\"application\/ld+json\" class=\"yoast-schema-graph\">{\"@context\":\"https:\/\/schema.org\",\"@graph\":[{\"@type\":\"WebSite\",\"@id\":\"https:\/\/helifilm.es\/#website\",\"url\":\"https:\/\/helifilm.es\/\",\"name\":\"Helifilm\",\"description\":\"V\\u00eddeo y Fotograf\\u00eda A\\u00e9rea\",\"potentialAction\":[{\"@type\":\"SearchAction\",\"target\":\"https:\/\/helifilm.es\/?s={search_term_string}\",\"query-input\":\"required name=search_term_string\"}],\"inLanguage\":\"en-US\"},{\"@type\":\"WebPage\",\"@id\":\"https:\/\/helifilm.es\/2015\/01\/19\/el-nino-nominada-los-premios-goya\/#webpage\",\"url\":\"https:\/\/helifilm.es\/2015\/01\/19\/el-nino-nominada-los-premios-goya\/\",\"name\":\"\\u2018El Ni\\u00f1o\\u2019 nominada a los Premios Goya\",\"isPartOf\":{\"@id\":\"https:\/\/helifilm.es\/#website\"},\"datePublished\":\"2015-01-19T18:46:09+00:00\",\"dateModified\":\"2025-08-25T00:34:56+00:00\",\"author\":{\"@id\":\"https:\/\/helifilm.es\/#\/schema\/person\/088e5727c15eb8675d2dda385d6f3e34\"},\"breadcrumb\":{\"@id\":\"https:\/\/helifilm.es\/2015\/01\/19\/el-nino-nominada-los-premios-goya\/#breadcrumb\"},\"inLanguage\":\"en-US\",\"potentialAction\":[{\"@type\":\"ReadAction\",\"target\":[\"https:\/\/helifilm.es\/2015\/01\/19\/el-nino-nominada-los-premios-goya\/\"]}]},{\"@type\":\"BreadcrumbList\",\"@id\":\"https:\/\/helifilm.es\/2015\/01\/19\/el-nino-nominada-los-premios-goya\/#breadcrumb\",\"itemListElement\":[{\"@type\":\"ListItem\",\"position\":1,\"item\":{\"@type\":\"WebPage\",\"@id\":\"https:\/\/helifilm.es\/en\/\",\"url\":\"https:\/\/helifilm.es\/en\/\",\"name\":\"Portada\"}},{\"@type\":\"ListItem\",\"position\":2,\"item\":{\"@type\":\"WebPage\",\"@id\":\"https:\/\/helifilm.es\/2015\/01\/19\/el-nino-nominada-los-premios-goya\/\",\"url\":\"https:\/\/helifilm.es\/2015\/01\/19\/el-nino-nominada-los-premios-goya\/\",\"name\":\"El Ni\\u00f1o\"}}]},{\"@type\":\"Person\",\"@id\":\"https:\/\/helifilm.es\/#\/schema\/person\/088e5727c15eb8675d2dda385d6f3e34\",\"name\":\"Carolina\",\"image\":{\"@type\":\"ImageObject\",\"@id\":\"https:\/\/helifilm.es\/#personlogo\",\"inLanguage\":\"en-US\",\"url\":\"https:\/\/secure.gravatar.com\/avatar\/5df620235f53fb72732132c2f31abc40?s=96&d=mm&r=g\",\"caption\":\"Carolina\"}}]}<\/script>\n<!-- \/ Yoast SEO plugin. -->","_links":{"self":[{"href":"https:\/\/helifilm.es\/en\/wp-json\/wp\/v2\/posts\/8189"}],"collection":[{"href":"https:\/\/helifilm.es\/en\/wp-json\/wp\/v2\/posts"}],"about":[{"href":"https:\/\/helifilm.es\/en\/wp-json\/wp\/v2\/types\/post"}],"author":[{"embeddable":true,"href":"https:\/\/helifilm.es\/en\/wp-json\/wp\/v2\/users\/2"}],"replies":[{"embeddable":true,"href":"https:\/\/helifilm.es\/en\/wp-json\/wp\/v2\/comments?post=8189"}],"version-history":[{"count":4,"href":"https:\/\/helifilm.es\/en\/wp-json\/wp\/v2\/posts\/8189\/revisions"}],"predecessor-version":[{"id":9834,"href":"https:\/\/helifilm.es\/en\/wp-json\/wp\/v2\/posts\/8189\/revisions\/9834"}],"wp:attachment":[{"href":"https:\/\/helifilm.es\/en\/wp-json\/wp\/v2\/media?parent=8189"}],"wp:term":[{"taxonomy":"category","embeddable":true,"href":"https:\/\/helifilm.es\/en\/wp-json\/wp\/v2\/categories?post=8189"},{"taxonomy":"post_tag","embeddable":true,"href":"https:\/\/helifilm.es\/en\/wp-json\/wp\/v2\/tags?post=8189"}],"curies":[{"name":"wp","href":"https:\/\/api.w.org\/{rel}","templated":true}]}}