{"id":8266,"date":"2015-03-11T18:26:17","date_gmt":"2015-03-11T18:26:17","guid":{"rendered":"https:\/\/helifilm.es\/?p=8266"},"modified":"2015-03-11T18:26:17","modified_gmt":"2015-03-11T18:26:17","slug":"quinta-temporada-de-juego-de-tronos","status":"publish","type":"post","link":"https:\/\/helifilm.es\/en\/2015\/03\/11\/quinta-temporada-de-juego-de-tronos\/","title":{"rendered":"QUINTA TEMPORADA DE \u2018JUEGO DE TRONOS&#8217;"},"content":{"rendered":"<p>A tan solo un mes de la fecha de estreno de la quinta temporada de la exitosa serie \u2018Juego de Tronos\u2019, ya podemos ver el tr\u00e1iler oficial.<\/p>\n<p>El 12 de Abril ser\u00e1 el estreno mundial donde Andaluc\u00eda ha jugado un papel protagonista en la serie, ya que ha servido como escenario principal del nuevo reino de Dorne.<\/p>\n<p>Con una m\u00ednima pero orgullos\u00edsima aportaci\u00f3n, podemos decir que Helifilm ha podido participar en este gran rodaje de la mano de \u2018Fresco Film Services\u2019.<\/p>\n<p>Con tan s\u00f3lo dos d\u00edas desde la publicaci\u00f3n del tr\u00e1iler, ya se ha superado el mill\u00f3n y medio de visitas, as\u00ed que sin duda, \u00a1la cosa promete!<\/p>\n","protected":false},"excerpt":{"rendered":"<p>A tan solo un mes de la fecha de estreno de la quinta temporada de la exitosa serie \u2018Juego de Tronos\u2019, ya podemos ver el tr\u00e1iler oficial. El 12 de Abril ser\u00e1 el estreno mundial donde Andaluc\u00eda ha jugado un papel protagonista en la serie, ya que ha servido como escenario principal del nuevo reino [&hellip;]<\/p>\n","protected":false},"author":2,"featured_media":8267,"comment_status":"open","ping_status":"open","sticky":false,"template":"","format":"standard","meta":[],"categories":[120],"tags":[],"yoast_head":"<!-- This site is optimized with the Yoast SEO plugin v15.7 - https:\/\/yoast.com\/wordpress\/plugins\/seo\/ -->\n<title>QUINTA TEMPORADA DE \u2018JUEGO DE TRONOS&#039; - Helifilm<\/title>\n<meta name=\"robots\" content=\"noindex, follow\" \/>\n<meta property=\"og:locale\" content=\"en_US\" \/>\n<meta property=\"og:type\" content=\"article\" \/>\n<meta property=\"og:title\" content=\"QUINTA TEMPORADA DE \u2018JUEGO DE TRONOS&#039; - Helifilm\" \/>\n<meta property=\"og:description\" content=\"A tan solo un mes de la fecha de estreno de la quinta temporada de la exitosa serie \u2018Juego de Tronos\u2019, ya podemos ver el tr\u00e1iler oficial. El 12 de Abril ser\u00e1 el estreno mundial donde Andaluc\u00eda ha jugado un papel protagonista en la serie, ya que ha servido como escenario principal del nuevo reino [&hellip;]\" \/>\n<meta property=\"og:url\" content=\"https:\/\/helifilm.es\/2015\/03\/11\/quinta-temporada-de-juego-de-tronos\/\" \/>\n<meta property=\"og:site_name\" content=\"Helifilm\" \/>\n<meta property=\"article:published_time\" content=\"2015-03-11T18:26:17+00:00\" \/>\n<meta property=\"og:image\" content=\"https:\/\/helifilm.es\/wp-content\/uploads\/2015\/03\/season-4-juego-tronos.jpg\" \/>\n\t<meta property=\"og:image:width\" content=\"885\" \/>\n\t<meta property=\"og:image:height\" content=\"498\" \/>\n<meta name=\"twitter:label1\" content=\"Est. reading time\">\n\t<meta name=\"twitter:data1\" content=\"1 minute\">\n<script type=\"application\/ld+json\" class=\"yoast-schema-graph\">{\"@context\":\"https:\/\/schema.org\",\"@graph\":[{\"@type\":\"WebSite\",\"@id\":\"https:\/\/helifilm.es\/#website\",\"url\":\"https:\/\/helifilm.es\/\",\"name\":\"Helifilm\",\"description\":\"V\\u00eddeo y Fotograf\\u00eda A\\u00e9rea\",\"potentialAction\":[{\"@type\":\"SearchAction\",\"target\":\"https:\/\/helifilm.es\/?s={search_term_string}\",\"query-input\":\"required name=search_term_string\"}],\"inLanguage\":\"en-US\"},{\"@type\":\"ImageObject\",\"@id\":\"https:\/\/helifilm.es\/2015\/03\/11\/quinta-temporada-de-juego-de-tronos\/#primaryimage\",\"inLanguage\":\"en-US\",\"url\":\"https:\/\/helifilm.es\/wp-content\/uploads\/2015\/03\/season-4-juego-tronos.jpg\",\"width\":885,\"height\":498},{\"@type\":\"WebPage\",\"@id\":\"https:\/\/helifilm.es\/2015\/03\/11\/quinta-temporada-de-juego-de-tronos\/#webpage\",\"url\":\"https:\/\/helifilm.es\/2015\/03\/11\/quinta-temporada-de-juego-de-tronos\/\",\"name\":\"QUINTA TEMPORADA DE \\u2018JUEGO DE TRONOS' - Helifilm\",\"isPartOf\":{\"@id\":\"https:\/\/helifilm.es\/#website\"},\"primaryImageOfPage\":{\"@id\":\"https:\/\/helifilm.es\/2015\/03\/11\/quinta-temporada-de-juego-de-tronos\/#primaryimage\"},\"datePublished\":\"2015-03-11T18:26:17+00:00\",\"dateModified\":\"2015-03-11T18:26:17+00:00\",\"author\":{\"@id\":\"https:\/\/helifilm.es\/#\/schema\/person\/088e5727c15eb8675d2dda385d6f3e34\"},\"breadcrumb\":{\"@id\":\"https:\/\/helifilm.es\/2015\/03\/11\/quinta-temporada-de-juego-de-tronos\/#breadcrumb\"},\"inLanguage\":\"en-US\",\"potentialAction\":[{\"@type\":\"ReadAction\",\"target\":[\"https:\/\/helifilm.es\/2015\/03\/11\/quinta-temporada-de-juego-de-tronos\/\"]}]},{\"@type\":\"BreadcrumbList\",\"@id\":\"https:\/\/helifilm.es\/2015\/03\/11\/quinta-temporada-de-juego-de-tronos\/#breadcrumb\",\"itemListElement\":[{\"@type\":\"ListItem\",\"position\":1,\"item\":{\"@type\":\"WebPage\",\"@id\":\"https:\/\/helifilm.es\/en\/\",\"url\":\"https:\/\/helifilm.es\/en\/\",\"name\":\"Portada\"}},{\"@type\":\"ListItem\",\"position\":2,\"item\":{\"@type\":\"WebPage\",\"@id\":\"https:\/\/helifilm.es\/2015\/03\/11\/quinta-temporada-de-juego-de-tronos\/\",\"url\":\"https:\/\/helifilm.es\/2015\/03\/11\/quinta-temporada-de-juego-de-tronos\/\",\"name\":\"QUINTA TEMPORADA DE \\u2018JUEGO DE TRONOS&#8217;\"}}]},{\"@type\":\"Person\",\"@id\":\"https:\/\/helifilm.es\/#\/schema\/person\/088e5727c15eb8675d2dda385d6f3e34\",\"name\":\"Carolina\",\"image\":{\"@type\":\"ImageObject\",\"@id\":\"https:\/\/helifilm.es\/#personlogo\",\"inLanguage\":\"en-US\",\"url\":\"https:\/\/secure.gravatar.com\/avatar\/5df620235f53fb72732132c2f31abc40?s=96&d=mm&r=g\",\"caption\":\"Carolina\"}}]}<\/script>\n<!-- \/ Yoast SEO plugin. -->","_links":{"self":[{"href":"https:\/\/helifilm.es\/en\/wp-json\/wp\/v2\/posts\/8266"}],"collection":[{"href":"https:\/\/helifilm.es\/en\/wp-json\/wp\/v2\/posts"}],"about":[{"href":"https:\/\/helifilm.es\/en\/wp-json\/wp\/v2\/types\/post"}],"author":[{"embeddable":true,"href":"https:\/\/helifilm.es\/en\/wp-json\/wp\/v2\/users\/2"}],"replies":[{"embeddable":true,"href":"https:\/\/helifilm.es\/en\/wp-json\/wp\/v2\/comments?post=8266"}],"version-history":[{"count":1,"href":"https:\/\/helifilm.es\/en\/wp-json\/wp\/v2\/posts\/8266\/revisions"}],"predecessor-version":[{"id":8268,"href":"https:\/\/helifilm.es\/en\/wp-json\/wp\/v2\/posts\/8266\/revisions\/8268"}],"wp:featuredmedia":[{"embeddable":true,"href":"https:\/\/helifilm.es\/en\/wp-json\/wp\/v2\/media\/8267"}],"wp:attachment":[{"href":"https:\/\/helifilm.es\/en\/wp-json\/wp\/v2\/media?parent=8266"}],"wp:term":[{"taxonomy":"category","embeddable":true,"href":"https:\/\/helifilm.es\/en\/wp-json\/wp\/v2\/categories?post=8266"},{"taxonomy":"post_tag","embeddable":true,"href":"https:\/\/helifilm.es\/en\/wp-json\/wp\/v2\/tags?post=8266"}],"curies":[{"name":"wp","href":"https:\/\/api.w.org\/{rel}","templated":true}]}}